{"id":43385,"date":"2018-06-14T21:49:05","date_gmt":"2018-06-14T19:49:05","guid":{"rendered":"https:\/\/ilovemypopotin.fr\/?p=43385"},"modified":"2019-02-12T16:55:22","modified_gmt":"2019-02-12T15:55:22","slug":"parution-dans-elle-grazia","status":"publish","type":"post","link":"https:\/\/ilovemypopotin.fr\/blog\/parution-dans-elle-grazia\/","title":{"rendered":"Parutions dans ELLE &#038; Grazia"},"content":{"rendered":"<h4>Parutions dans ELLE &amp; Grazia<\/h4>\n<p>Le 13 Avril 2018 le magazine hebdomadaire fran\u00e7ais f\u00e9minin ELLE a publi\u00e9 un article sur nos instituts. Nous n\u2019\u00e9tions pas au courant de cette apparition dans la presse et nous avons \u00e9t\u00e9 plus que flatt\u00e9s que l\u2019on parle de nous. L\u2019article met en valeur l\u2019\u00e9lastique utilis\u00e9 par des c\u00e9l\u00e9brit\u00e9s telles que Vanessa Hudgens, Karlie Kloss (mannequin am\u00e9ricaine ex Ange de Victoria\u2019s Secret) ou Ashley Graham (mannequin am\u00e9ricaine).<\/p>\n<p><img loading=\"lazy\" class=\"size-full wp-image-43389 aligncenter\" src=\"https:\/\/ilovemypopotin.fr\/blog\/wp-content\/uploads\/2018\/06\/star-elastique.jpg\" alt=\"Star utilisant l'elastique\" width=\"1649\" height=\"409\" srcset=\"https:\/\/ilovemypopotin.fr\/blog\/wp-content\/uploads\/2018\/06\/star-elastique.jpg 1649w, https:\/\/ilovemypopotin.fr\/blog\/wp-content\/uploads\/2018\/06\/star-elastique-90x22.jpg 90w, https:\/\/ilovemypopotin.fr\/blog\/wp-content\/uploads\/2018\/06\/star-elastique-800x198.jpg 800w, https:\/\/ilovemypopotin.fr\/blog\/wp-content\/uploads\/2018\/06\/star-elastique-300x74.jpg 300w, https:\/\/ilovemypopotin.fr\/blog\/wp-content\/uploads\/2018\/06\/star-elastique-768x190.jpg 768w, https:\/\/ilovemypopotin.fr\/blog\/wp-content\/uploads\/2018\/06\/star-elastique-1024x254.jpg 1024w\" sizes=\"(max-width: 1649px) 100vw, 1649px\" \/><\/p>\n<p>&nbsp;<\/p>\n<p>Il ne faut pas oublier que nous sommes le premier institut sp\u00e9cialis\u00e9 dans la musculation du fessier. Nos \u00e9lastiques, fabriqu\u00e9s uniquement en France, garantissent des r\u00e9sultats d\u00e8s le premier mois d\u2019utilisation. Cet accessoire est d\u2019autant plus pratique qu\u2019il peut se glisser dans votre sac et \u00eatre emmen\u00e9 avec vous partout o\u00f9 vous allez. Alors laissez vous tenter !<\/p>\n<p>&nbsp;<\/p>\n<p><img loading=\"lazy\" class=\"aligncenter wp-image-43388 size-full\" title=\"Parutions dans ELLE &amp; Grazia\" src=\"https:\/\/ilovemypopotin.fr\/blog\/wp-content\/uploads\/2018\/06\/couverture-elle.jpg\" alt=\"Parutions dans ELLE &amp; Grazia\" width=\"1167\" height=\"861\" srcset=\"https:\/\/ilovemypopotin.fr\/blog\/wp-content\/uploads\/2018\/06\/couverture-elle.jpg 1167w, https:\/\/ilovemypopotin.fr\/blog\/wp-content\/uploads\/2018\/06\/couverture-elle-73x54.jpg 73w, https:\/\/ilovemypopotin.fr\/blog\/wp-content\/uploads\/2018\/06\/couverture-elle-800x590.jpg 800w, https:\/\/ilovemypopotin.fr\/blog\/wp-content\/uploads\/2018\/06\/couverture-elle-300x221.jpg 300w, https:\/\/ilovemypopotin.fr\/blog\/wp-content\/uploads\/2018\/06\/couverture-elle-768x567.jpg 768w, https:\/\/ilovemypopotin.fr\/blog\/wp-content\/uploads\/2018\/06\/couverture-elle-1024x755.jpg 1024w\" sizes=\"(max-width: 1167px) 100vw, 1167px\" \/><\/p>\n<p>&nbsp;<\/p>\n<p>Un peu plus tard, c\u2019est Grazia qui parle de nous. Quelle surprise ! ELLE, Grazia \u2026 qui sera le suivant ?<br \/>\nL\u2019article paru dans l\u2019hebdomadaire est plus explicatif, il d\u00e9crit comment se d\u00e9roule une s\u00e9ance de coaching chez nous, donne quelques informations sur les possibilit\u00e9s d\u2019effectuer des s\u00e9ances d\u00e9couverte pour 20\u20ac. Depuis le 13 mai, ces s\u00e9ances d\u00e9couvertes peuvent aussi se faire tous les dimanches de 14h \u00e0 17h dans notre institut 17 rue Chanzy. Ils ne parlent pas seulement de l\u2019\u00e9lastique mais \u00e9galement des massages palper rouler manuel propres \u00e0 nos instituts I Love My Popotin. Ils vous invitent \u00e0 venir tester vous aussi, alors qu\u2019attendez vous ?<\/p>\n<p>&nbsp;<\/p>\n<p><img loading=\"lazy\" class=\"size-full wp-image-43387 aligncenter\" src=\"https:\/\/ilovemypopotin.fr\/blog\/wp-content\/uploads\/2018\/06\/article.jpg\" alt=\"Article magasine I Love My Popotin\" width=\"1549\" height=\"685\" srcset=\"https:\/\/ilovemypopotin.fr\/blog\/wp-content\/uploads\/2018\/06\/article.jpg 1549w, https:\/\/ilovemypopotin.fr\/blog\/wp-content\/uploads\/2018\/06\/article-90x40.jpg 90w, https:\/\/ilovemypopotin.fr\/blog\/wp-content\/uploads\/2018\/06\/article-800x354.jpg 800w, https:\/\/ilovemypopotin.fr\/blog\/wp-content\/uploads\/2018\/06\/article-300x133.jpg 300w, https:\/\/ilovemypopotin.fr\/blog\/wp-content\/uploads\/2018\/06\/article-768x340.jpg 768w, https:\/\/ilovemypopotin.fr\/blog\/wp-content\/uploads\/2018\/06\/article-1024x453.jpg 1024w\" sizes=\"(max-width: 1549px) 100vw, 1549px\" \/><\/p>\n<p><a class=\"inlink bleu\" href=\"https:\/\/institut.ilovemypopotin.fr\/\">d\u00e9couvrir l&rsquo;institut<\/a><\/p>\n","protected":false},"excerpt":{"rendered":"<p>Parutions dans ELLE &amp; Grazia Le 13 Avril 2018 le magazine hebdomadaire fran\u00e7ais f\u00e9minin ELLE a publi\u00e9 un article sur nos instituts. Nous n\u2019\u00e9tions pas au courant de cette apparition dans la presse et nous avons \u00e9t\u00e9 plus que flatt\u00e9s que l\u2019on parle de nous. L\u2019article met en valeur l\u2019\u00e9lastique utilis\u00e9 par des c\u00e9l\u00e9brit\u00e9s telles<\/p>\n<div class=\"read-more\"><a class=\"btn btn-fill-out\" href=\"https:\/\/ilovemypopotin.fr\/blog\/parution-dans-elle-grazia\/\">Lire la suite<\/a><\/div>\n","protected":false},"author":1,"featured_media":43396,"comment_status":"open","ping_status":"open","sticky":false,"template":"","format":"standard","meta":[],"categories":[1],"tags":[],"yoast_head":"<!-- This site is optimized with the Yoast SEO plugin v18.3 - https:\/\/yoast.com\/wordpress\/plugins\/seo\/ -->\n<title>Parutions dans ELLE &amp; Grazia &bull; I Love My Popotin<\/title>\n<meta name=\"description\" content=\"L&#039;institut I Love My Popotin fait aussi parl\u00e9 dans la presse fran\u00e7aise, plusieurs magazines parlent de nous. D\u00e9couvrez nos parutions dans ELLE &amp; Grazia\" \/>\n<meta name=\"robots\" content=\"index, follow, max-snippet:-1, max-image-preview:large, max-video-preview:-1\" \/>\n<link rel=\"canonical\" href=\"https:\/\/ilovemypopotin.fr\/blog\/parution-dans-elle-grazia\/\" \/>\n<meta property=\"og:locale\" content=\"fr_FR\" \/>\n<meta property=\"og:type\" content=\"article\" \/>\n<meta property=\"og:title\" content=\"Parutions dans ELLE &amp; Grazia &bull; I Love My Popotin\" \/>\n<meta property=\"og:description\" content=\"L&#039;institut I Love My Popotin fait aussi parl\u00e9 dans la presse fran\u00e7aise, plusieurs magazines parlent de nous. D\u00e9couvrez nos parutions dans ELLE &amp; Grazia\" \/>\n<meta property=\"og:url\" content=\"https:\/\/ilovemypopotin.fr\/blog\/parution-dans-elle-grazia\/\" \/>\n<meta property=\"og:site_name\" content=\"I Love My Popotin\" \/>\n<meta property=\"article:publisher\" content=\"https:\/\/www.facebook.com\/ilovemypopotin\" \/>\n<meta property=\"article:published_time\" content=\"2018-06-14T19:49:05+00:00\" \/>\n<meta property=\"article:modified_time\" content=\"2019-02-12T15:55:22+00:00\" \/>\n<meta property=\"og:image\" content=\"https:\/\/ilovemypopotin.fr\/blog\/wp-content\/uploads\/2018\/06\/couverture-magazine.jpg\" \/>\n\t<meta property=\"og:image:width\" content=\"1780\" \/>\n\t<meta property=\"og:image:height\" content=\"1100\" \/>\n\t<meta property=\"og:image:type\" content=\"image\/jpeg\" \/>\n<meta name=\"twitter:card\" content=\"summary\" \/>\n<meta name=\"twitter:creator\" content=\"@ILMYPOPOTIN\" \/>\n<meta name=\"twitter:site\" content=\"@ILMYPOPOTIN\" \/>\n<meta name=\"twitter:label1\" content=\"\u00c9crit par\" \/>\n\t<meta name=\"twitter:data1\" content=\"Coach nelson\" \/>\n\t<meta name=\"twitter:label2\" content=\"Dur\u00e9e de lecture estim\u00e9e\" \/>\n\t<meta name=\"twitter:data2\" content=\"1 minute\" \/>\n<script type=\"application\/ld+json\" class=\"yoast-schema-graph\">{\"@context\":\"https:\/\/schema.org\",\"@graph\":[{\"@type\":\"Organization\",\"@id\":\"https:\/\/ilovemypopotin.fr\/#organization\",\"name\":\"I Love My Popotin\",\"url\":\"https:\/\/ilovemypopotin.fr\/\",\"sameAs\":[\"https:\/\/www.facebook.com\/ilovemypopotin\",\"https:\/\/www.instagram.com\/ilovemypopotin\/\",\"https:\/\/www.youtube.com\/channel\/UCrpbt5Cog5fqa8mZJhFrOXQ\",\"https:\/\/fr.pinterest.com\/ilovemypopotin\/\",\"https:\/\/twitter.com\/ILMYPOPOTIN\"],\"logo\":{\"@type\":\"ImageObject\",\"@id\":\"https:\/\/ilovemypopotin.fr\/#logo\",\"inLanguage\":\"fr-FR\",\"url\":\"https:\/\/ilovemypopotin.fr\/blog\/wp-content\/uploads\/2020\/06\/logo-carre.png\",\"contentUrl\":\"https:\/\/ilovemypopotin.fr\/blog\/wp-content\/uploads\/2020\/06\/logo-carre.png\",\"width\":500,\"height\":500,\"caption\":\"I Love My Popotin\"},\"image\":{\"@id\":\"https:\/\/ilovemypopotin.fr\/#logo\"}},{\"@type\":\"WebSite\",\"@id\":\"https:\/\/ilovemypopotin.fr\/#website\",\"url\":\"https:\/\/ilovemypopotin.fr\/\",\"name\":\"I Love My Popotin\",\"description\":\"Musclez vos fesses pas vos complexes !\",\"publisher\":{\"@id\":\"https:\/\/ilovemypopotin.fr\/#organization\"},\"potentialAction\":[{\"@type\":\"SearchAction\",\"target\":{\"@type\":\"EntryPoint\",\"urlTemplate\":\"https:\/\/ilovemypopotin.fr\/?s={search_term_string}\"},\"query-input\":\"required name=search_term_string\"}],\"inLanguage\":\"fr-FR\"},{\"@type\":\"ImageObject\",\"@id\":\"https:\/\/ilovemypopotin.fr\/blog\/parution-dans-elle-grazia\/#primaryimage\",\"inLanguage\":\"fr-FR\",\"url\":\"https:\/\/ilovemypopotin.fr\/blog\/wp-content\/uploads\/2018\/06\/couverture-magazine.jpg\",\"contentUrl\":\"https:\/\/ilovemypopotin.fr\/blog\/wp-content\/uploads\/2018\/06\/couverture-magazine.jpg\",\"width\":1780,\"height\":1100,\"caption\":\"Parutions dans ELLE & Grazia\"},{\"@type\":\"WebPage\",\"@id\":\"https:\/\/ilovemypopotin.fr\/blog\/parution-dans-elle-grazia\/#webpage\",\"url\":\"https:\/\/ilovemypopotin.fr\/blog\/parution-dans-elle-grazia\/\",\"name\":\"Parutions dans ELLE & Grazia &bull; I Love My Popotin\",\"isPartOf\":{\"@id\":\"https:\/\/ilovemypopotin.fr\/#website\"},\"primaryImageOfPage\":{\"@id\":\"https:\/\/ilovemypopotin.fr\/blog\/parution-dans-elle-grazia\/#primaryimage\"},\"datePublished\":\"2018-06-14T19:49:05+00:00\",\"dateModified\":\"2019-02-12T15:55:22+00:00\",\"description\":\"L'institut I Love My Popotin fait aussi parl\u00e9 dans la presse fran\u00e7aise, plusieurs magazines parlent de nous. D\u00e9couvrez nos parutions dans ELLE & Grazia\",\"breadcrumb\":{\"@id\":\"https:\/\/ilovemypopotin.fr\/blog\/parution-dans-elle-grazia\/#breadcrumb\"},\"inLanguage\":\"fr-FR\",\"potentialAction\":[{\"@type\":\"ReadAction\",\"target\":[\"https:\/\/ilovemypopotin.fr\/blog\/parution-dans-elle-grazia\/\"]}]},{\"@type\":\"BreadcrumbList\",\"@id\":\"https:\/\/ilovemypopotin.fr\/blog\/parution-dans-elle-grazia\/#breadcrumb\",\"itemListElement\":[{\"@type\":\"ListItem\",\"position\":1,\"name\":\"Accueil\",\"item\":\"https:\/\/ilovemypopotin.fr\/blog\/\"},{\"@type\":\"ListItem\",\"position\":2,\"name\":\"Divers\",\"item\":\"https:\/\/ilovemypopotin.fr\/blog\/category\/divers\/\"},{\"@type\":\"ListItem\",\"position\":3,\"name\":\"Parutions dans ELLE &#038; Grazia\"}]},{\"@type\":\"Article\",\"@id\":\"https:\/\/ilovemypopotin.fr\/blog\/parution-dans-elle-grazia\/#article\",\"isPartOf\":{\"@id\":\"https:\/\/ilovemypopotin.fr\/blog\/parution-dans-elle-grazia\/#webpage\"},\"author\":{\"@id\":\"https:\/\/ilovemypopotin.fr\/#\/schema\/person\/a1b70b9458cbc5b1e1aa88e3bf0edfa7\"},\"headline\":\"Parutions dans ELLE &#038; Grazia\",\"datePublished\":\"2018-06-14T19:49:05+00:00\",\"dateModified\":\"2019-02-12T15:55:22+00:00\",\"mainEntityOfPage\":{\"@id\":\"https:\/\/ilovemypopotin.fr\/blog\/parution-dans-elle-grazia\/#webpage\"},\"wordCount\":271,\"commentCount\":0,\"publisher\":{\"@id\":\"https:\/\/ilovemypopotin.fr\/#organization\"},\"image\":{\"@id\":\"https:\/\/ilovemypopotin.fr\/blog\/parution-dans-elle-grazia\/#primaryimage\"},\"thumbnailUrl\":\"https:\/\/ilovemypopotin.fr\/blog\/wp-content\/uploads\/2018\/06\/couverture-magazine.jpg\",\"articleSection\":[\"Divers\"],\"inLanguage\":\"fr-FR\",\"potentialAction\":[{\"@type\":\"CommentAction\",\"name\":\"Comment\",\"target\":[\"https:\/\/ilovemypopotin.fr\/blog\/parution-dans-elle-grazia\/#respond\"]}]},{\"@type\":\"Person\",\"@id\":\"https:\/\/ilovemypopotin.fr\/#\/schema\/person\/a1b70b9458cbc5b1e1aa88e3bf0edfa7\",\"name\":\"Coach nelson\",\"image\":{\"@type\":\"ImageObject\",\"@id\":\"https:\/\/ilovemypopotin.fr\/#personlogo\",\"inLanguage\":\"fr-FR\",\"url\":\"https:\/\/secure.gravatar.com\/avatar\/663eb9706b4707abe5276665130013dc?s=96&d=wavatar&r=g\",\"contentUrl\":\"https:\/\/secure.gravatar.com\/avatar\/663eb9706b4707abe5276665130013dc?s=96&d=wavatar&r=g\",\"caption\":\"Coach nelson\"}}]}<\/script>\n<!-- \/ Yoast SEO plugin. -->","yoast_head_json":{"title":"Parutions dans ELLE & Grazia &bull; I Love My Popotin","description":"L'institut I Love My Popotin fait aussi parl\u00e9 dans la presse fran\u00e7aise, plusieurs magazines parlent de nous. D\u00e9couvrez nos parutions dans ELLE & Grazia","robots":{"index":"index","follow":"follow","max-snippet":"max-snippet:-1","max-image-preview":"max-image-preview:large","max-video-preview":"max-video-preview:-1"},"canonical":"https:\/\/ilovemypopotin.fr\/blog\/parution-dans-elle-grazia\/","og_locale":"fr_FR","og_type":"article","og_title":"Parutions dans ELLE & Grazia &bull; I Love My Popotin","og_description":"L'institut I Love My Popotin fait aussi parl\u00e9 dans la presse fran\u00e7aise, plusieurs magazines parlent de nous. D\u00e9couvrez nos parutions dans ELLE & Grazia","og_url":"https:\/\/ilovemypopotin.fr\/blog\/parution-dans-elle-grazia\/","og_site_name":"I Love My Popotin","article_publisher":"https:\/\/www.facebook.com\/ilovemypopotin","article_published_time":"2018-06-14T19:49:05+00:00","article_modified_time":"2019-02-12T15:55:22+00:00","og_image":[{"width":1780,"height":1100,"url":"https:\/\/ilovemypopotin.fr\/blog\/wp-content\/uploads\/2018\/06\/couverture-magazine.jpg","type":"image\/jpeg"}],"twitter_card":"summary","twitter_creator":"@ILMYPOPOTIN","twitter_site":"@ILMYPOPOTIN","twitter_misc":{"\u00c9crit par":"Coach nelson","Dur\u00e9e de lecture estim\u00e9e":"1 minute"},"schema":{"@context":"https:\/\/schema.org","@graph":[{"@type":"Organization","@id":"https:\/\/ilovemypopotin.fr\/#organization","name":"I Love My Popotin","url":"https:\/\/ilovemypopotin.fr\/","sameAs":["https:\/\/www.facebook.com\/ilovemypopotin","https:\/\/www.instagram.com\/ilovemypopotin\/","https:\/\/www.youtube.com\/channel\/UCrpbt5Cog5fqa8mZJhFrOXQ","https:\/\/fr.pinterest.com\/ilovemypopotin\/","https:\/\/twitter.com\/ILMYPOPOTIN"],"logo":{"@type":"ImageObject","@id":"https:\/\/ilovemypopotin.fr\/#logo","inLanguage":"fr-FR","url":"https:\/\/ilovemypopotin.fr\/blog\/wp-content\/uploads\/2020\/06\/logo-carre.png","contentUrl":"https:\/\/ilovemypopotin.fr\/blog\/wp-content\/uploads\/2020\/06\/logo-carre.png","width":500,"height":500,"caption":"I Love My Popotin"},"image":{"@id":"https:\/\/ilovemypopotin.fr\/#logo"}},{"@type":"WebSite","@id":"https:\/\/ilovemypopotin.fr\/#website","url":"https:\/\/ilovemypopotin.fr\/","name":"I Love My Popotin","description":"Musclez vos fesses pas vos complexes !","publisher":{"@id":"https:\/\/ilovemypopotin.fr\/#organization"},"potentialAction":[{"@type":"SearchAction","target":{"@type":"EntryPoint","urlTemplate":"https:\/\/ilovemypopotin.fr\/?s={search_term_string}"},"query-input":"required name=search_term_string"}],"inLanguage":"fr-FR"},{"@type":"ImageObject","@id":"https:\/\/ilovemypopotin.fr\/blog\/parution-dans-elle-grazia\/#primaryimage","inLanguage":"fr-FR","url":"https:\/\/ilovemypopotin.fr\/blog\/wp-content\/uploads\/2018\/06\/couverture-magazine.jpg","contentUrl":"https:\/\/ilovemypopotin.fr\/blog\/wp-content\/uploads\/2018\/06\/couverture-magazine.jpg","width":1780,"height":1100,"caption":"Parutions dans ELLE & Grazia"},{"@type":"WebPage","@id":"https:\/\/ilovemypopotin.fr\/blog\/parution-dans-elle-grazia\/#webpage","url":"https:\/\/ilovemypopotin.fr\/blog\/parution-dans-elle-grazia\/","name":"Parutions dans ELLE & Grazia &bull; I Love My Popotin","isPartOf":{"@id":"https:\/\/ilovemypopotin.fr\/#website"},"primaryImageOfPage":{"@id":"https:\/\/ilovemypopotin.fr\/blog\/parution-dans-elle-grazia\/#primaryimage"},"datePublished":"2018-06-14T19:49:05+00:00","dateModified":"2019-02-12T15:55:22+00:00","description":"L'institut I Love My Popotin fait aussi parl\u00e9 dans la presse fran\u00e7aise, plusieurs magazines parlent de nous. D\u00e9couvrez nos parutions dans ELLE & Grazia","breadcrumb":{"@id":"https:\/\/ilovemypopotin.fr\/blog\/parution-dans-elle-grazia\/#breadcrumb"},"inLanguage":"fr-FR","potentialAction":[{"@type":"ReadAction","target":["https:\/\/ilovemypopotin.fr\/blog\/parution-dans-elle-grazia\/"]}]},{"@type":"BreadcrumbList","@id":"https:\/\/ilovemypopotin.fr\/blog\/parution-dans-elle-grazia\/#breadcrumb","itemListElement":[{"@type":"ListItem","position":1,"name":"Accueil","item":"https:\/\/ilovemypopotin.fr\/blog\/"},{"@type":"ListItem","position":2,"name":"Divers","item":"https:\/\/ilovemypopotin.fr\/blog\/category\/divers\/"},{"@type":"ListItem","position":3,"name":"Parutions dans ELLE &#038; Grazia"}]},{"@type":"Article","@id":"https:\/\/ilovemypopotin.fr\/blog\/parution-dans-elle-grazia\/#article","isPartOf":{"@id":"https:\/\/ilovemypopotin.fr\/blog\/parution-dans-elle-grazia\/#webpage"},"author":{"@id":"https:\/\/ilovemypopotin.fr\/#\/schema\/person\/a1b70b9458cbc5b1e1aa88e3bf0edfa7"},"headline":"Parutions dans ELLE &#038; Grazia","datePublished":"2018-06-14T19:49:05+00:00","dateModified":"2019-02-12T15:55:22+00:00","mainEntityOfPage":{"@id":"https:\/\/ilovemypopotin.fr\/blog\/parution-dans-elle-grazia\/#webpage"},"wordCount":271,"commentCount":0,"publisher":{"@id":"https:\/\/ilovemypopotin.fr\/#organization"},"image":{"@id":"https:\/\/ilovemypopotin.fr\/blog\/parution-dans-elle-grazia\/#primaryimage"},"thumbnailUrl":"https:\/\/ilovemypopotin.fr\/blog\/wp-content\/uploads\/2018\/06\/couverture-magazine.jpg","articleSection":["Divers"],"inLanguage":"fr-FR","potentialAction":[{"@type":"CommentAction","name":"Comment","target":["https:\/\/ilovemypopotin.fr\/blog\/parution-dans-elle-grazia\/#respond"]}]},{"@type":"Person","@id":"https:\/\/ilovemypopotin.fr\/#\/schema\/person\/a1b70b9458cbc5b1e1aa88e3bf0edfa7","name":"Coach nelson","image":{"@type":"ImageObject","@id":"https:\/\/ilovemypopotin.fr\/#personlogo","inLanguage":"fr-FR","url":"https:\/\/secure.gravatar.com\/avatar\/663eb9706b4707abe5276665130013dc?s=96&d=wavatar&r=g","contentUrl":"https:\/\/secure.gravatar.com\/avatar\/663eb9706b4707abe5276665130013dc?s=96&d=wavatar&r=g","caption":"Coach nelson"}}]}},"_links":{"self":[{"href":"https:\/\/ilovemypopotin.fr\/blog\/wp-json\/wp\/v2\/posts\/43385"}],"collection":[{"href":"https:\/\/ilovemypopotin.fr\/blog\/wp-json\/wp\/v2\/posts"}],"about":[{"href":"https:\/\/ilovemypopotin.fr\/blog\/wp-json\/wp\/v2\/types\/post"}],"author":[{"embeddable":true,"href":"https:\/\/ilovemypopotin.fr\/blog\/wp-json\/wp\/v2\/users\/1"}],"replies":[{"embeddable":true,"href":"https:\/\/ilovemypopotin.fr\/blog\/wp-json\/wp\/v2\/comments?post=43385"}],"version-history":[{"count":0,"href":"https:\/\/ilovemypopotin.fr\/blog\/wp-json\/wp\/v2\/posts\/43385\/revisions"}],"wp:featuredmedia":[{"embeddable":true,"href":"https:\/\/ilovemypopotin.fr\/blog\/wp-json\/wp\/v2\/media\/43396"}],"wp:attachment":[{"href":"https:\/\/ilovemypopotin.fr\/blog\/wp-json\/wp\/v2\/media?parent=43385"}],"wp:term":[{"taxonomy":"category","embeddable":true,"href":"https:\/\/ilovemypopotin.fr\/blog\/wp-json\/wp\/v2\/categories?post=43385"},{"taxonomy":"post_tag","embeddable":true,"href":"https:\/\/ilovemypopotin.fr\/blog\/wp-json\/wp\/v2\/tags?post=43385"}],"curies":[{"name":"wp","href":"https:\/\/api.w.org\/{rel}","templated":true}]}}